{"provider_url": "https://www.capitaoeneas.mg.leg.br", "title": "Hist\u00f3ria", "html": "<h2 style=\"text-align: center; \"><strong>- De Burarama de Minas a Capit\u00e3o En\u00e9as - Nossa hist\u00f3ria -<br /></strong></h2>\r\n<p class=\"callout\"><strong>Gent\u00edlico: </strong>Eneapolitano ou capit\u00e3o-eneense.</p>\r\n<div class=\"x_m_-8496511946682870440historico\" style=\"text-align:start; \">\r\n<div class=\"x_m_-8496511946682870440historico\" style=\"text-align:start; \">\r\n<h3>Hist\u00f3rico</h3>\r\n</div>\r\n</div>\r\n<p class=\"callout\" style=\"text-align: start; \">Capit\u00e3o Eneas Minas Gerais - MG<span class=\"x_m_-8496511946682870440Apple-converted-space\"> </span>surgiu quando uma expedi\u00e7\u00e3o organizada pelo capit\u00e3o Ant\u00f4nio Gon\u00e7alves Figueira buscava ligar Montes Claros ao rio Gorutuba e aos currais da Bahia. A expedi\u00e7\u00e3o alcan\u00e7a a regi\u00e3o pr\u00f3xima \u00e0 serra do Catuni, \u00e0s margens de uma pequena lagoa. Ali, o capit\u00e3o e seus homens montam acampamento e erguem uma cruz, marcando o futuro munic\u00edpio de Brejo das Almas, atual Francisco S\u00e1. Quando Brejo das Almas possu\u00eda um distrito chamado Bururama.<span class=\"x_m_-8496511946682870440Apple-converted-space\">\u00a0</span><br /> O distrito emancipa-se em 1962 e em 1965, passa a chamar-se Capit\u00e3o En\u00e9as, em homenagem a um benem\u00e9rito local. Em dezembro, com quermesses, leil\u00e3o de prendas e shows musicais, a cidade homenageia seu padroeiro, S\u00e3o Sebasti\u00e3o. Pescarias na barra do Rio Verde Grande e passeios \u00e0 Lapinha do Santo (gruta Santo Ant\u00f4nio), lagoa de S\u00e3o Jo\u00e3o e Lagoinha s\u00e3o outros atrativos de Capit\u00e3o En\u00e9as.<span class=\"x_m_-8496511946682870440Apple-converted-space\">\u00a0</span><br /> Gent\u00edlico: capit\u00e3o-eneense<span class=\"x_m_-8496511946682870440Apple-converted-space\">.</span></p>\r\n<div class=\"x_m_-8496511946682870440historico\" style=\"text-align:start; \"><span class=\"x_m_-8496511946682870440Apple-converted-space\"><br /></span></div>\r\n<div class=\"x_m_-8496511946682870440historico\" style=\"text-align:start; \">\r\n<p><strong><img src=\"https://www.capitaoeneas.mg.leg.br/imagens/copy_of_BuraramadeMinasparaCapitoEnas.jpeg\" title=\"Burarama de Minas para Capit\u00e3o En\u00e9as\" height=\"544\" width=\"428\" alt=\"Burarama de Minas para Capit\u00e3o En\u00e9as\" class=\"image-inline\" /></strong></p>\r\n</div>\r\n<h3><strong>Forma\u00e7\u00e3o Administrativa<span class=\"x_m_-8496511946682870440Apple-converted-space\">\u00a0</span></strong></h3>\r\n<p class=\"callout\" style=\"text-align: justify; \">Elevado \u00e0 categoria de munic\u00edpio e distrito com a denomina\u00e7\u00e3o de Burarama de Minas, pela lei estadual n\u00ba 2764, de 30-12-1962, desmembrado de Francisco S\u00e1. Sede no atual distrito Burarama de Minas ex-povoado. Constitu\u00eddo de 2 distritos : Burarama de Minas e Ca\u00e7arema. Criado pela mesma lei do munic\u00edpio. Instalado em 01-03-1963,<br /> Em divis\u00e3o territorial datada de 31-XII-1963, o munic\u00edpio \u00e9 constitu\u00eddo de 2 distritos: Burarama de Minas e Ca\u00e7arema.<br /> Pela lei estadual n\u00ba 3973, de 15-12-1965, o munic\u00edpio de Burarama de Minas passou a denominar Capit\u00e3o En\u00e9as.<br /> Assim permanecendo em divis\u00e3o territorial datada de 2003.<span class=\"x_m_-8496511946682870440Apple-converted-space\">\u00a0</span><br /> Pela lei n\u00ba , de , \u00e9 criado o distrito de Santana da Serra e anexado ao munic\u00edpio de Capit\u00e3o En\u00e9as.<br /> Em divis\u00e3o territorial datada de 2005, o munic\u00edpio \u00e9 constitu\u00eddo de 3 distritos: Capit\u00e3o En\u00e9as, Ca\u00e7arema e Santana da Serra.<br /> Assim permancendo em divis\u00e3o territorial datada de 2007.<span class=\"x_m_-8496511946682870440Apple-converted-space\"> </span>Altera\u00e7\u00e3o topon\u00edmica municipal<span class=\"x_m_-8496511946682870440Apple-converted-space\"> </span>Burarama de Minas para Capit\u00e3o En\u00e9as alterado, pela lei estadual n\u00ba 3973, de 15-12-1965.</p>\r\n<div class=\"x_m_-8496511946682870440historico\" style=\"text-align:start; \"><img src=\"https://www.capitaoeneas.mg.leg.br/imagens/Digitalizar0003instalaodoMunicpio.JPG\" title=\"Ata de Instala\u00e7\u00e3o do Munic\u00edpio\" height=\"618\" width=\"450\" alt=\"Ata de Instala\u00e7\u00e3o do Munic\u00edpio\" class=\"image-inline\" /></div>\r\n<div class=\"x_m_-8496511946682870440historico\" style=\"text-align:start; \">\r\n<p align=\"center\"><b><br /></b></p>\r\n<p align=\"center\"><b>Governantes de Capit\u00e3o En\u00e9as</b></p>\r\n<table>\r\n<tbody>\r\n<tr>\r\n<td>\r\n<p align=\"center\"><b>N\u00ba</b></p>\r\n</td>\r\n<td>\r\n<p align=\"center\"><b>Prefeitos</b></p>\r\n</td>\r\n<td>\r\n<p align=\"center\"><b>Per\u00edodo</b></p>\r\n</td>\r\n</tr>\r\n<tr>\r\n<td>\r\n<p align=\"center\">01</p>\r\n</td>\r\n<td>\r\n<p align=\"left\">En\u00e9as Mineiro de Souza</p>\r\n</td>\r\n<td>\r\n<p align=\"center\">1963 - 1965</p>\r\n</td>\r\n</tr>\r\n<tr>\r\n<td>\r\n<p align=\"center\">02</p>\r\n</td>\r\n<td>\r\n<p align=\"left\">Elp\u00eddio Rodrigues Rocha</p>\r\n</td>\r\n<td>\r\n<p align=\"center\">1966 - 1967</p>\r\n</td>\r\n</tr>\r\n<tr>\r\n<td>\r\n<p align=\"center\">03</p>\r\n</td>\r\n<td>\r\n<p align=\"left\">Jacinto Silveira Neto</p>\r\n</td>\r\n<td>\r\n<p align=\"center\">1967 - 1970</p>\r\n</td>\r\n</tr>\r\n<tr>\r\n<td>\r\n<p align=\"center\">04</p>\r\n</td>\r\n<td>\r\n<p align=\"left\">Pedro Mineiro de Souza</p>\r\n</td>\r\n<td>\r\n<p align=\"center\">1971 - 1972</p>\r\n</td>\r\n</tr>\r\n<tr>\r\n<td>\r\n<p align=\"center\">05</p>\r\n</td>\r\n<td>\r\n<p align=\"left\">Jacinto Teixeira da Silva</p>\r\n</td>\r\n<td>\r\n<p align=\"center\">1973 - 1976\u00a0\u00a0\u00a0\u00a0</p>\r\n</td>\r\n</tr>\r\n<tr>\r\n<td>\r\n<p align=\"center\">06</p>\r\n</td>\r\n<td>\r\n<p align=\"left\">Ad\u00e3o da Rocha Pinto</p>\r\n</td>\r\n<td>\r\n<p align=\"center\">1977 - 1982</p>\r\n</td>\r\n</tr>\r\n<tr>\r\n<td>\r\n<p align=\"center\">07\u00a0\u00a0</p>\r\n</td>\r\n<td>\r\n<p align=\"left\">Djalma Marques de Abreu</p>\r\n</td>\r\n<td>\r\n<p align=\"center\">1983 - 1988</p>\r\n</td>\r\n</tr>\r\n<tr>\r\n<td>\r\n<p align=\"center\">08</p>\r\n</td>\r\n<td>\r\n<p align=\"left\">Jacinto Landulfo Teixeira</p>\r\n</td>\r\n<td>\r\n<p align=\"center\">1989 - 1992</p>\r\n</td>\r\n</tr>\r\n<tr>\r\n<td>\r\n<p align=\"center\">09</p>\r\n</td>\r\n<td>\r\n<p align=\"left\">Jorge En\u00e9as Mineiro de Souza</p>\r\n</td>\r\n<td>\r\n<p align=\"center\">1993 - 1996</p>\r\n</td>\r\n</tr>\r\n<tr>\r\n<td>\r\n<p align=\"center\">10</p>\r\n</td>\r\n<td>\r\n<p align=\"left\">Djalma Marques de Abreu</p>\r\n</td>\r\n<td>\r\n<p align=\"center\">1997 - 2000</p>\r\n</td>\r\n</tr>\r\n<tr>\r\n<td>\r\n<p align=\"center\">11</p>\r\n</td>\r\n<td>\r\n<p align=\"left\">Z\u00edlmio Rocha</p>\r\n</td>\r\n<td>\r\n<p align=\"center\">2001 - 2004</p>\r\n</td>\r\n</tr>\r\n<tr>\r\n<td>\r\n<p align=\"center\">12</p>\r\n</td>\r\n<td>\r\n<p align=\"left\">Reinaldo Landulfo Teixeira</p>\r\n</td>\r\n<td>\r\n<p align=\"center\">2005 - 2008</p>\r\n</td>\r\n</tr>\r\n<tr>\r\n<td>\r\n<p align=\"center\">13</p>\r\n</td>\r\n<td>\r\n<p align=\"left\">Reinaldo Landulfo Teixeira</p>\r\n</td>\r\n<td>\r\n<p align=\"center\">2009 - 2012</p>\r\n</td>\r\n</tr>\r\n<tr>\r\n<td>\r\n<p align=\"center\">14</p>\r\n</td>\r\n<td>\r\n<p align=\"left\">C\u00e9sar Em\u00edlio Lopes Oliveira</p>\r\n</td>\r\n<td>\r\n<p align=\"center\">2013 - 2016</p>\r\n</td>\r\n</tr>\r\n<tr>\r\n<td>\r\n<p align=\"center\">15</p>\r\n</td>\r\n<td>\r\n<p align=\"left\">Petr\u00f4nio Mineiro de Souza</p>\r\n</td>\r\n<td>\r\n<p align=\"center\">2017 - 2020</p>\r\n</td>\r\n</tr>\r\n<tr>\r\n<td>\r\n<p align=\"center\">16</p>\r\n</td>\r\n<td>\r\n<p align=\"left\">Reinaldo Landulfo Teixeira</p>\r\n</td>\r\n<td>\r\n<p align=\"center\">ATUAL</p>\r\n</td>\r\n</tr>\r\n</tbody>\r\n</table>\r\n<p align=\"center\"><b><br /></b></p>\r\n<p align=\"center\"><b><br /></b></p>\r\n<p align=\"center\"><b>Presidentes e Vereadores da C\u00e2mara Municipal de Capit\u00e3o En\u00e9as/MG</b></p>\r\n<table>\r\n<tbody>\r\n<tr>\r\n<td>\r\n<p align=\"center\">1963 \u00e0\u00a0<span>1966</span> \u00a0 \u00a0 \u00a0\u00a0</p>\r\n</td>\r\n<td>\r\n<p><b>\u00a0</b></p>\r\n</td>\r\n<td>\r\n<p>Jos\u00e9 Sidney Figueiredo Chaves (1963 a 1966)</p>\r\n<p>Ad\u00e3o da Rocha Pinto</p>\r\n<p>Ant\u00f4nio Augusto Lopes Santos (irm\u00e3o de Chino Lopes)</p>\r\n<p>Geraldo Figueiredo Rocha</p>\r\n<p>Jo\u00e3o dos Santos Silveira (D\u00e3o irm\u00e3o de Sidney)</p>\r\n<p>Jos\u00e9 Ferreira da Silva (Z\u00e9 camis\u00e3o, irm\u00e3o de Jovino)</p>\r\n<p>Manoel Bezerra da Silva (irm\u00e3o de Jo\u00e3o Bezerra)</p>\r\n<p>Orlando Amaral</p>\r\n<p>Sabino Soares de Moura</p>\r\n</td>\r\n</tr>\r\n</tbody>\r\n</table>\r\n<p align=\"center\">\u00a0</p>\r\n<table>\r\n<tbody>\r\n<tr>\r\n<td>\r\n<p align=\"center\">1967 \u00e0 1970</p>\r\n</td>\r\n<td>\r\n<p><b>\u00a0</b></p>\r\n</td>\r\n<td>\r\n<p>Pedro Vital de Lima (1967 a 1970)</p>\r\n<p>Ad\u00e3o da Rocha Pinto</p>\r\n<p>Ant\u00f4nio Jos\u00e9 Vieira</p>\r\n<p>Benedito Br\u00e1z Brasil</p>\r\n<p>Geraldo Figueiredo Rocha</p>\r\n<p>Jacinto Teixeira da Silva</p>\r\n<p>Manoel Bezerra da Silva</p>\r\n<p>Rufino Pereira da Rocha</p>\r\n<p>Sabino Soares de Moura</p>\r\n</td>\r\n</tr>\r\n</tbody>\r\n</table>\r\n<p align=\"center\">\u00a0</p>\r\n<table>\r\n<tbody>\r\n<tr>\r\n<td>\r\n<p align=\"center\">1971 \u00e0 1972</p>\r\n</td>\r\n<td>\r\n<p><b>\u00a0</b></p>\r\n</td>\r\n<td>\r\n<p>Pedro Vital de Lima (1971 a 1972)</p>\r\n<p>Ab\u00edlio Pereira da Silva</p>\r\n<p>D\u00e9cio Ladeia</p>\r\n<p>Francisco Lopes da Silva (Chico Lopes)</p>\r\n<p>Jos\u00e9 Ferreira de Brito (Z\u00e9 de Miro)</p>\r\n<p>Jos\u00e9 Sidney da Silveira</p>\r\n<p>Pedro Martins de Oliveira</p>\r\n<p>Sabino Soares de Moura</p>\r\n<p>Venusco Neto da Silva</p>\r\n</td>\r\n</tr>\r\n</tbody>\r\n</table>\r\n<p align=\"center\">\u00a0</p>\r\n<table>\r\n<tbody>\r\n<tr>\r\n<td>\r\n<p align=\"center\">1973 \u00e0\u00a0<span>1976</span> \u00a0 \u00a0\u00a0</p>\r\n</td>\r\n<td>\r\n<p><b>\u00a0</b></p>\r\n</td>\r\n<td>\r\n<p>D\u00e9cio Ladeia (1973 a 1976)</p>\r\n<p>Ab\u00edlio Pereira da Silva</p>\r\n<p>Artur Garcia de Freitas</p>\r\n<p>Belchior Gon\u00e7alves da Rocha</p>\r\n<p>Jacinto Silveira Neto</p>\r\n<p>Jo\u00e3o Pereira dos Santos (Jo\u00e3o Padeiro do Orion)</p>\r\n<p>Jos\u00e9 Ferreira de Brito</p>\r\n<p>Pedro Vital de Lima</p>\r\n<p>Venusco Neto da Silva</p>\r\n</td>\r\n</tr>\r\n</tbody>\r\n</table>\r\n<p>\u00a0</p>\r\n<table>\r\n<tbody>\r\n<tr>\r\n<td>\r\n<p align=\"center\">1977 \u00e0 1982\u00a0 \u00a0 \u00a0</p>\r\n</td>\r\n<td>\r\n<p><b>\u00a0</b></p>\r\n</td>\r\n<td>\r\n<p>Jos\u00e9 Sidney da Silveira (1977, 1978, 1980, 1981, 1982)</p>\r\n<p>Ab\u00edlio Pereira da Silva</p>\r\n<p>Ant\u00f4nio Augusto Veloso Neto</p>\r\n<p>Djalma Marques de Abreu</p>\r\n<p>Jo\u00e3o Rodrigues Soares</p>\r\n<p>Jos\u00e9 Augusto Pereira Atha\u00edde</p>\r\n<p>Marco Ant\u00f4nio Macedo (Presidente 1979)</p>\r\n<p>S\u00edlvio Ferreira dos Santos</p>\r\n<p>Valdivino Gon\u00e7alves Fr\u00f3es</p>\r\n<p>Zacarias Francisco dos Santos</p>\r\n</td>\r\n</tr>\r\n</tbody>\r\n</table>\r\n<p align=\"center\">\u00a0</p>\r\n<table>\r\n<tbody>\r\n<tr>\r\n<td>\r\n<p align=\"center\">1983 \u00e0 1988\u00a0 \u00a0</p>\r\n</td>\r\n<td>\r\n<p>\u00a0</p>\r\n</td>\r\n<td>\r\n<p>Eduardo Mineiro de Souza (1983, 1984, 1987, 1988)</p>\r\n<p>Alfeu Batista Mur\u00e7a</p>\r\n<p>Ant\u00f4nio Borges da Silva</p>\r\n<p>Carlos Pereira Pimenta</p>\r\n<p>Carlos Silv\u00e9rio Gontijo</p>\r\n<p>Jo\u00e3o Rodrigues Soares (Presidente 1985 \u00e0 1986)</p>\r\n<p>Jos\u00e9 Sidney da Silveira</p>\r\n<p>Jos\u00e9 Silvestre de Brito</p>\r\n<p>Maria da Luz Almeida Matos</p>\r\n<p>Raimundo Praxedes Neto</p>\r\n<p>S\u00edlvio Ferreira dos Santos</p>\r\n<p>Zacarias Francisco dos Santos</p>\r\n</td>\r\n</tr>\r\n</tbody>\r\n</table>\r\n<p align=\"center\">\u00a0</p>\r\n<table>\r\n<tbody>\r\n<tr>\r\n<td>\r\n<p align=\"center\">1989 \u00e0 1992</p>\r\n</td>\r\n<td>\r\n<p>\u00a0</p>\r\n<p>\u00a0</p>\r\n</td>\r\n<td>\r\n<p>Jos\u00e9 Ant\u00f4nio Ferreira da Silva (1989, 1990)</p>\r\n<p>Anton\u00e1lia Maria Souza Marques</p>\r\n<p>Ant\u00f4nio Borges da Silva</p>\r\n<p>David Lopes da Silva</p>\r\n<p>D\u00e9lio A. de Oliveira Filho</p>\r\n<p>Jos\u00e9 Augusto Rocha</p>\r\n<p>Jos\u00e9 Marley dos Santos</p>\r\n<p>Jos\u00e9 Silvestre de Brito</p>\r\n<p>Orlando Amaral Filho (Presidente 1991, 1992)</p>\r\n<p>Raimundo Praxedes Neto</p>\r\n<p>S\u00edlvio Ferreira dos Santos</p>\r\n<p>Jos\u00e9 Dal\u00e7o Soares (Posse dia 20/11/91)</p>\r\n</td>\r\n</tr>\r\n</tbody>\r\n</table>\r\n<p align=\"center\">\u00a0</p>\r\n<table>\r\n<tbody>\r\n<tr>\r\n<td>\r\n<p align=\"center\">1993 \u00e0 1996</p>\r\n</td>\r\n<td>\r\n<p>\u00a0</p>\r\n</td>\r\n<td>\r\n<p>Jos\u00e9 Sidney da Silveira (1993, 1994)</p>\r\n<p>Ant\u00f4nio Borges da Silva (Presidente 1995,1996)</p>\r\n<p>Carlos Pereira Pimenta</p>\r\n<p>Darcy Fernandes da Silva</p>\r\n<p>D\u00e9lio A. de Oliveira Filho</p>\r\n<p>Jos\u00e9 Ant\u00f4nio Ferreira da Silva</p>\r\n<p>Jos\u00e9 Dal\u00e7o Soares</p>\r\n<p>Jos\u00e9 Silvestre de Brito</p>\r\n<p>Orlando Amaral Filho</p>\r\n<p>Orlando Moreira Abreu</p>\r\n<p>Pedro Mineiro de Souza Neto</p>\r\n</td>\r\n</tr>\r\n</tbody>\r\n</table>\r\n<p align=\"center\">\u00a0</p>\r\n<p align=\"center\">\u00a0</p>\r\n<table>\r\n<tbody>\r\n<tr>\r\n<td>\r\n<p align=\"center\">1997 \u00e0 2000\u00a0 \u00a0</p>\r\n</td>\r\n<td>\r\n<p>\u00a0</p>\r\n<p>\u00a0</p>\r\n</td>\r\n<td>\r\n<p>Arivaldo Ribeiro Sousa (1997, 1998)</p>\r\n<p>Ant\u00f4nio Borges da Silva</p>\r\n<p>Ant\u00f4nio Carlos Dias de Aguilar (01/01/97 \u00e0 01/09/97)</p>\r\n<p>Carlos Pereira Pimenta (Presidente 1999)</p>\r\n<p>Darcy Fernandes da Silva</p>\r\n<p>Jane Nair Abasse Maciel</p>\r\n<p>Jarbas Alves de Carvalho (Suplente)</p>\r\n<p>Jos\u00e9 Alexander Pimenta Bor\u00e9m</p>\r\n<p>Jos\u00e9 Dal\u00e7o Soares (Presidente 2000)</p>\r\n<p>Jos\u00e9 Marley dos Santos</p>\r\n<p>Jos\u00e9 Sidney da Silveira (01/01/97 \u00e0 01/06/98)</p>\r\n<p>Manoel da Concei\u00e7\u00e3o Barros</p>\r\n<p>Paulo Afonso Marques de Abreu</p>\r\n</td>\r\n</tr>\r\n</tbody>\r\n</table>\r\n<p align=\"center\">\u00a0</p>\r\n<table>\r\n<tbody>\r\n<tr>\r\n<td>\r\n<p align=\"center\">2001 \u00e0 2004\u00a0 \u00a0</p>\r\n</td>\r\n<td>\r\n<p>\u00a0</p>\r\n<p>\u00a0</p>\r\n</td>\r\n<td>\r\n<p>Jarbas Alves de Carvalho (Presidente 2001, 2002)</p>\r\n<p>Angela Regina Safar Faria</p>\r\n<p>Augusto Alves Coutinho</p>\r\n<p>Darcy Fernandes da Silva (Presidente 2003)</p>\r\n<p>Ednaldo Alves Pequeno</p>\r\n<p>Gilmar Ant\u00f4nio Barbosa Silva</p>\r\n<p>Jane Nair Abasse Maciel</p>\r\n<p>Jos\u00e9 Dal\u00e7o Soares (Presidente 2004)</p>\r\n<p>Marques Altair de Brito</p>\r\n<p>No\u00e9 Silvino de Almeida</p>\r\n<p>Werlyson Lopes Pereira</p>\r\n</td>\r\n</tr>\r\n</tbody>\r\n</table>\r\n<p align=\"center\">\u00a0</p>\r\n<table>\r\n<tbody>\r\n<tr>\r\n<td>\r\n<p align=\"center\">2005 \u00e0 2008\u00a0 \u00a0</p>\r\n</td>\r\n<td>\r\n<p>\u00a0</p>\r\n<p>\u00a0</p>\r\n</td>\r\n<td>\r\n<p>Angela Regina Safar Faria (Presidente 2005)</p>\r\n<p>Alessandro Ferreira Marques</p>\r\n<p>Alice Aparecida Rodrigues Costa (Presidente 2008)</p>\r\n<p>Ant\u00f4nio Carlos Gon\u00e7alves dos Santos</p>\r\n<p>Jos\u00e9 Marley dos Santos (Presidente 2006)</p>\r\n<p>Marques Altair de Brito</p>\r\n<p>Orlando Amaral Filho</p>\r\n<p>Petr\u00f4nio Mineiro de Souza (Presidente 2007)</p>\r\n<p>Werlyson Lopes Pereira</p>\r\n</td>\r\n</tr>\r\n</tbody>\r\n</table>\r\n<p align=\"center\">\u00a0</p>\r\n<table>\r\n<tbody>\r\n<tr>\r\n<td>\r\n<p align=\"center\">2009 \u00e0 2012\u00a0 \u00a0</p>\r\n</td>\r\n<td>\r\n<p>\u00a0</p>\r\n<p>\u00a0</p>\r\n</td>\r\n<td>\r\n<p>Angela Regina Safar Faria (Presidente 2009)</p>\r\n<p>Adriana Paula dos Santos Afonso (Presidente 2010)</p>\r\n<p>Edinaldo Alves Pequeno (Presidente 2011)</p>\r\n<p>Irineu Rodrigues Oliveira</p>\r\n<p>Jarbas Alves de Carvalho</p>\r\n<p>Jos\u00e9 Ribeiro dos Santos</p>\r\n<p>Laurentino Ferreira de Brito</p>\r\n<p>Marques Altair de Brito\u00a0\u00a0\u00a0\u00a0\u00a0\u00a0\u00a0</p>\r\n<p>Werlyson Lopes Pereira (Presidente 2012)</p>\r\n</td>\r\n</tr>\r\n</tbody>\r\n</table>\r\n<p align=\"center\">\u00a0</p>\r\n<table>\r\n<tbody>\r\n<tr>\r\n<td>\r\n<p align=\"center\">2013 \u00e0 2016\u00a0 \u00a0 \u00a0</p>\r\n</td>\r\n<td>\r\n<p>\u00a0</p>\r\n<p>\u00a0</p>\r\n</td>\r\n<td>\r\n<p>Petr\u00f4nio Mineiro de Souza (Presidente 2013)</p>\r\n<p>Adriana Paula dos Santos Afonso</p>\r\n<p>Darcy Fernandes da Silva</p>\r\n<p>Bruno de Oliveira Braga (Presidente 2014 \u00e0 2015)</p>\r\n<p>Edinaldo Alves Pequeno</p>\r\n<p>Em\u00edlio C\u00e9sar Lopes Oliveira</p>\r\n<p>Jane Maria Bastos de Oliveira Castro (Presidente em 2016)</p>\r\n<p>Jo\u00e3o Carlos Ribeiro Velos</p>\r\n<p>Jos\u00e9 Edvaldo Alves Rocha</p>\r\n<p>Wanderley Pereira Pinheiro (suplente)</p>\r\n</td>\r\n</tr>\r\n</tbody>\r\n</table>\r\n<p align=\"center\"><br />\u00a0</p>\r\n<table>\r\n<tbody>\r\n<tr>\r\n<td>\r\n<p align=\"center\" style=\"text-align: center; \"><span>2017\u00a0</span>\u00e0\u00a02020\u00a0\u00a0\u00a0 \u00a0</p>\r\n</td>\r\n<td>\r\n<p>\u00a0</p>\r\n<p>\u00a0</p>\r\n</td>\r\n<td>\r\n<p>Jarbas Alves de Carvalho (Presidente em 2017 e 2019)</p>\r\n<p>Ant\u00f4nio Marcos Macedo -\u00a0(Presidente em 2018)</p>\r\n<p>Creujair Soares dos Santos</p>\r\n<p>Danilo Ramos de Oliveira\u00a0-\u00a0(Presidente em 2020)</p>\r\n<p>Edinaldo Alves Pequeno</p>\r\n<p>Jos\u00e9 Marley dos Santos</p>\r\n<p>Jos\u00e9 Miguel Rocha da Cruz</p>\r\n<p>T\u00e1ssio Dutra Ara\u00fajo</p>\r\n<p>Walson Amaral Passos</p>\r\n</td>\r\n</tr>\r\n<tr>\r\n<td>\r\n<p align=\"center\">2021\u00a0<span style=\"text-align: left; \">\u00e0\u00a0</span><span style=\"text-align: left; \">2024\u00a0</span></p>\r\n</td>\r\n<td>\r\n<p>\u00a0</p>\r\n</td>\r\n<td>\r\n<p>\u00a0Alex Alves Pereira</p>\r\n<p>Ant\u00f4nio Marcos Macedo</p>\r\n<p>Carlos Orlando Rocha</p>\r\n<p>Gilson Farias dos Santos</p>\r\n<p>Jorge dos Reis Rocha da Cruz</p>\r\n<p>L\u00edcio Renan Souto</p>\r\n<p>Oldiney Meneses Lima</p>\r\n<p>T\u00e1ssio Dutra Ara\u00fajo\u00a0-\u00a0(Presidente em 2021 e 2022)</p>\r\n<p>Vanderson Peres dos Santos</p>\r\n</td>\r\n</tr>\r\n</tbody>\r\n</table>\r\n<p><strong><br /></strong></p>\r\n<p><strong><img src=\"https://www.capitaoeneas.mg.leg.br/imagens/Relaodaslegislaturas.jpg\" title=\"\" height=\"83\" width=\"433\" alt=\"\" class=\"image-inline\" /></strong></p>\r\n<div class=\"x_m_-8496511946682870440historico\" style=\"text-align:start; \"><em><strong>Fontes:</strong></em></div>\r\n<div class=\"x_m_-8496511946682870440historico\" style=\"text-align:start; \">\r\n<ul>\r\n<li><em>Especial Capit\u00e3o En\u00e9as / Junho 2008/ Jornal O Tempo.</em><strong>\u00a0\u00a0\u00a0\u00a0\u00a0\u00a0\u00a0\u00a0\u00a0</strong><em></em></li>\r\n<li><em>Arquivo da C\u00e2mara Municipal<strong><br /></strong></em></li>\r\n</ul>\r\n</div>\r\n<p align=\"center\" style=\"text-align: left; \"><em><strong><br /></strong></em></p>\r\n<p align=\"center\">\u00a0</p>\r\n<p align=\"center\">\u00a0</p>\r\n<p align=\"center\">\u00a0</p>\r\n<p align=\"center\">\u00a0</p>\r\n</div>", "author_name": "Interlegis", "version": "1.0", "author_url": "https://www.capitaoeneas.mg.leg.br/author/Interlegis", "provider_name": "C\u00e2mara Municipal de Capit\u00e3o En\u00e9as", "type": "rich"}